{"id":30217,"date":"2021-08-17T17:38:57","date_gmt":"2021-08-17T15:38:57","guid":{"rendered":"https:\/\/marolles.brussels\/2021\/08\/17\/rejoignez-le-label-good-food-resto-avant-le-9-septembre-2021\/"},"modified":"2021-08-17T17:38:57","modified_gmt":"2021-08-17T15:38:57","slug":"rejoignez-le-label-good-food-resto-avant-le-9-septembre-2021","status":"publish","type":"post","link":"https:\/\/marolles.brussels\/en\/rejoignez-le-label-good-food-resto-avant-le-9-septembre-2021\/","title":{"rendered":"Rejoignez le label Good Food Resto avant le 9 septembre 2021!"},"content":{"rendered":"<table width=\"100%\">\n<tbody>\n<tr>\n<td><\/td>\n<\/tr>\n<\/tbody>\n<\/table>\n<p>Le Label\u00a0<strong>Good Food Resto<\/strong>\u00a0a pour objectif de soutenir et guider les restaurants qui s\u2019impliquent ou souhaitent s&#8217;impliquer dans\u00a0<strong>une d\u00e9marche durable<\/strong>. Il r\u00e9pond \u00e0 une demande des Bruxellois qui souhaitent distinguer les restaurants durables de la capitale.<br \/>\nCoordonn\u00e9 par Bruxelles Environnement, l\u2019octroi du label a une finalit\u00e9 non commerciale.<\/p>\n<p><em>Le Good Food au menu de votre restaurant !<\/em><\/p>\n<h2><strong>Concr\u00e8tement ?<\/strong><\/h2>\n<p><strong>Les crit\u00e8res de ce label se basent sur les grands principes de la strat\u00e9gie Good Food\u00a0<\/strong>: la consommation de produits locaux et de saison, d\u2019alternatives aux prot\u00e9ines animales, d\u2019aliments produits dans le respect de l\u2019environnement,\u00a0 tout en minimisant le gaspillage alimentaire.<\/p>\n<p>Ce label comprend 3 niveaux (une, deux ou trois toques) et est valable 3 ans.<\/p>\n<ul>\n<li><strong><a href=\"https:\/\/brucity.us2.list-manage.com\/track\/click?u=021f5831e85e5122eea12ef32&amp;id=a5e4dba736&amp;e=1d4917693b\">Plus d\u2019infos sur la proc\u00e9dure \u00e0 suivre pour obtenir le label Good Food Resto<\/a><\/strong><\/li>\n<li><strong><a href=\"https:\/\/brucity.us2.list-manage.com\/track\/click?u=021f5831e85e5122eea12ef32&amp;id=522cfb73b2&amp;e=1d4917693b\">D\u00e9couvrez les crit\u00e8res Good Food Resto<\/a><\/strong><\/li>\n<\/ul>\n<p><strong>77\u00a0restaurants\u00a0ont\u00a0d\u00e9j\u00e0 \u00e9t\u00e9 labellis\u00e9s depuis avril 2018.\u00a0<\/strong><\/p>\n<p>Vous pouvez les retrouver sur le bottin en cliquant<strong>\u00a0<\/strong><strong><a href=\"https:\/\/brucity.us2.list-manage.com\/track\/click?u=021f5831e85e5122eea12ef32&amp;id=b031b01ad0&amp;e=1d4917693b\">ici<\/a><\/strong><strong>.<\/strong><\/p>\n<p><strong>Un webinair\u00a0de pr\u00e9sentation sur le label #RestoGoodFood aura lieu\u00a0le mardi 17 ao\u00fbt\u00a0\u00e0 15h00. Vous pouvez vous inscrire en\u00a0envoyant un mail \u00e0\u00a0<a href=\"mailto:restogoodfood@environnement.brussels\">restogoodfood@environnement.brussels<\/a>\u00a0afin de recevoir le lien de connexion.\u00a0 En participant \u00e0 ce s\u00e9minaire, vous aurez r\u00e9ponse \u00e0 toutes vos questions sur l\u2019accompagnement propos\u00e9 pour rencontrer les objectifs et b\u00e9n\u00e9ficier du label.<\/strong><\/p>\n<p><strong>Pour qui ?<\/strong><\/p>\n<p><strong>Le label s\u2019adresse \u00e0 divers types de restaurants :\u00a0<\/strong>les restaurants d\u2019insertion sociale ou d\u2019h\u00f4tellerie, la restauration rapide ou classique, les restaurants de complexes sportifs, les food-trucks ou encore les restaurants haut de gamme et \u00e9toil\u00e9s.<\/p>\n<p><strong>Quels atouts ?<\/strong><\/p>\n<p>En int\u00e9grant le processus de labellisation,\u00a0<strong>les restaurants peuvent b\u00e9n\u00e9ficier d\u2019un accompagnement gratuit\u00a0<\/strong>d\u2019une journ\u00e9e qui consiste en un diagnostic de vos points forts \u00e0 valoriser et de vos perspectives d\u2019am\u00e9lioration. Gr\u00e2ce au mat\u00e9riel promotionnel mis \u00e0 votre disposition, le restaurant peut valoriser son engagement envers sa client\u00e8le.<br \/>\nLe label Good Food Resto permet aux Bruxellois de facilement identifier les restaurants impliqu\u00e9s dans une d\u00e9marche durable.<\/p>\n<ul>\n<li>Pour plus d\u2019information, n\u2019h\u00e9sitez pas \u00e0 contacter\u00a0<strong><a href=\"https:\/\/brucity.us2.list-manage.com\/track\/click?u=021f5831e85e5122eea12ef32&amp;id=a76287b084&amp;e=1d4917693b\">restogoodfood@environnement.brussels<\/a><\/strong><\/li>\n<\/ul>\n","protected":false},"excerpt":{"rendered":"<p>Le Label\u00a0Good Food Resto\u00a0a pour objectif de soutenir et guider les restaurants qui s\u2019impliquent ou souhaitent s&#8217;impliquer dans\u00a0une d\u00e9marche durable. Il r\u00e9pond \u00e0 une demande des Bruxellois qui souhaitent distinguer [&hellip;]<\/p>\n","protected":false},"author":164,"featured_media":30214,"comment_status":"closed","ping_status":"closed","sticky":false,"template":"","format":"standard","meta":{"_acf_changed":false,"_exactmetrics_skip_tracking":false,"_exactmetrics_sitenote_active":false,"_exactmetrics_sitenote_note":"","_exactmetrics_sitenote_category":0,"footnotes":""},"categories":[271],"tags":[],"class_list":["post-30217","post","type-post","status-publish","format-standard","has-post-thumbnail","hentry","category-shop"],"acf":[],"cubewp_post_meta":[],"taxonomies":["Shop","Optional"],"yoast_head":"<!-- This site is optimized with the Yoast SEO plugin v27.3 - https:\/\/yoast.com\/product\/yoast-seo-wordpress\/ -->\n<title>Rejoignez le label Good Food Resto avant le 9 septembre 2021! - Marolles<\/title>\n<meta name=\"robots\" content=\"index, follow, max-snippet:-1, max-image-preview:large, max-video-preview:-1\" \/>\n<link rel=\"canonical\" href=\"https:\/\/marolles.brussels\/en\/rejoignez-le-label-good-food-resto-avant-le-9-septembre-2021\/\" \/>\n<meta property=\"og:locale\" content=\"en_US\" \/>\n<meta property=\"og:type\" content=\"article\" \/>\n<meta property=\"og:title\" content=\"Rejoignez le label Good Food Resto avant le 9 septembre 2021! - Marolles\" \/>\n<meta property=\"og:description\" content=\"Le Label\u00a0Good Food Resto\u00a0a pour objectif de soutenir et guider les restaurants qui s\u2019impliquent ou souhaitent s&#8217;impliquer dans\u00a0une d\u00e9marche durable. Il r\u00e9pond \u00e0 une demande des Bruxellois qui souhaitent distinguer [&hellip;]\" \/>\n<meta property=\"og:url\" content=\"https:\/\/marolles.brussels\/en\/rejoignez-le-label-good-food-resto-avant-le-9-septembre-2021\/\" \/>\n<meta property=\"og:site_name\" content=\"Marolles\" \/>\n<meta property=\"article:published_time\" content=\"2021-08-17T15:38:57+00:00\" \/>\n<meta property=\"og:image\" content=\"https:\/\/marolles.brussels\/wp-content\/uploads\/2021\/08\/good_food_logo_0.png\" \/>\n\t<meta property=\"og:image:width\" content=\"768\" \/>\n\t<meta property=\"og:image:height\" content=\"405\" \/>\n\t<meta property=\"og:image:type\" content=\"image\/png\" \/>\n<meta name=\"author\" content=\"Comm_Marolles\" \/>\n<meta name=\"twitter:card\" content=\"summary_large_image\" \/>\n<script type=\"application\/ld+json\" class=\"yoast-schema-graph\">{\"@context\":\"https:\\\/\\\/schema.org\",\"@graph\":[{\"@type\":\"Article\",\"@id\":\"https:\\\/\\\/marolles.brussels\\\/en\\\/rejoignez-le-label-good-food-resto-avant-le-9-septembre-2021\\\/#article\",\"isPartOf\":{\"@id\":\"https:\\\/\\\/marolles.brussels\\\/en\\\/rejoignez-le-label-good-food-resto-avant-le-9-septembre-2021\\\/\"},\"author\":{\"name\":\"Comm_Marolles\",\"@id\":\"https:\\\/\\\/marolles.brussels\\\/en\\\/#\\\/schema\\\/person\\\/9081ef0335393afa96ded2d689f118e8\"},\"headline\":\"Rejoignez le label Good Food Resto avant le 9 septembre 2021!\",\"datePublished\":\"2021-08-17T15:38:57+00:00\",\"mainEntityOfPage\":{\"@id\":\"https:\\\/\\\/marolles.brussels\\\/en\\\/rejoignez-le-label-good-food-resto-avant-le-9-septembre-2021\\\/\"},\"wordCount\":368,\"image\":{\"@id\":\"https:\\\/\\\/marolles.brussels\\\/en\\\/rejoignez-le-label-good-food-resto-avant-le-9-septembre-2021\\\/#primaryimage\"},\"thumbnailUrl\":\"https:\\\/\\\/marolles.brussels\\\/wp-content\\\/uploads\\\/2021\\\/08\\\/good_food_logo_0.png\",\"articleSection\":[\"Shop\"],\"inLanguage\":\"en-US\"},{\"@type\":\"WebPage\",\"@id\":\"https:\\\/\\\/marolles.brussels\\\/en\\\/rejoignez-le-label-good-food-resto-avant-le-9-septembre-2021\\\/\",\"url\":\"https:\\\/\\\/marolles.brussels\\\/en\\\/rejoignez-le-label-good-food-resto-avant-le-9-septembre-2021\\\/\",\"name\":\"Rejoignez le label Good Food Resto avant le 9 septembre 2021! - Marolles\",\"isPartOf\":{\"@id\":\"https:\\\/\\\/marolles.brussels\\\/en\\\/#website\"},\"primaryImageOfPage\":{\"@id\":\"https:\\\/\\\/marolles.brussels\\\/en\\\/rejoignez-le-label-good-food-resto-avant-le-9-septembre-2021\\\/#primaryimage\"},\"image\":{\"@id\":\"https:\\\/\\\/marolles.brussels\\\/en\\\/rejoignez-le-label-good-food-resto-avant-le-9-septembre-2021\\\/#primaryimage\"},\"thumbnailUrl\":\"https:\\\/\\\/marolles.brussels\\\/wp-content\\\/uploads\\\/2021\\\/08\\\/good_food_logo_0.png\",\"datePublished\":\"2021-08-17T15:38:57+00:00\",\"author\":{\"@id\":\"https:\\\/\\\/marolles.brussels\\\/en\\\/#\\\/schema\\\/person\\\/9081ef0335393afa96ded2d689f118e8\"},\"breadcrumb\":{\"@id\":\"https:\\\/\\\/marolles.brussels\\\/en\\\/rejoignez-le-label-good-food-resto-avant-le-9-septembre-2021\\\/#breadcrumb\"},\"inLanguage\":\"en-US\",\"potentialAction\":[{\"@type\":\"ReadAction\",\"target\":[\"https:\\\/\\\/marolles.brussels\\\/en\\\/rejoignez-le-label-good-food-resto-avant-le-9-septembre-2021\\\/\"]}]},{\"@type\":\"ImageObject\",\"inLanguage\":\"en-US\",\"@id\":\"https:\\\/\\\/marolles.brussels\\\/en\\\/rejoignez-le-label-good-food-resto-avant-le-9-septembre-2021\\\/#primaryimage\",\"url\":\"https:\\\/\\\/marolles.brussels\\\/wp-content\\\/uploads\\\/2021\\\/08\\\/good_food_logo_0.png\",\"contentUrl\":\"https:\\\/\\\/marolles.brussels\\\/wp-content\\\/uploads\\\/2021\\\/08\\\/good_food_logo_0.png\",\"width\":768,\"height\":405},{\"@type\":\"BreadcrumbList\",\"@id\":\"https:\\\/\\\/marolles.brussels\\\/en\\\/rejoignez-le-label-good-food-resto-avant-le-9-septembre-2021\\\/#breadcrumb\",\"itemListElement\":[{\"@type\":\"ListItem\",\"position\":1,\"name\":\"Accueil\",\"item\":\"https:\\\/\\\/marolles.brussels\\\/en\\\/\"},{\"@type\":\"ListItem\",\"position\":2,\"name\":\"Rejoignez le label Good Food Resto avant le 9 septembre 2021!\"}]},{\"@type\":\"WebSite\",\"@id\":\"https:\\\/\\\/marolles.brussels\\\/en\\\/#website\",\"url\":\"https:\\\/\\\/marolles.brussels\\\/en\\\/\",\"name\":\"Marolles\",\"description\":\"D\u00e9couvrez les meilleurs endroits pour manger, boire un verre entre amis ou faire vos achats pr\u00e8s de chez vous.\",\"potentialAction\":[{\"@type\":\"SearchAction\",\"target\":{\"@type\":\"EntryPoint\",\"urlTemplate\":\"https:\\\/\\\/marolles.brussels\\\/en\\\/?s={search_term_string}\"},\"query-input\":{\"@type\":\"PropertyValueSpecification\",\"valueRequired\":true,\"valueName\":\"search_term_string\"}}],\"inLanguage\":\"en-US\"},{\"@type\":\"Person\",\"@id\":\"https:\\\/\\\/marolles.brussels\\\/en\\\/#\\\/schema\\\/person\\\/9081ef0335393afa96ded2d689f118e8\",\"name\":\"Comm_Marolles\",\"image\":{\"@type\":\"ImageObject\",\"inLanguage\":\"en-US\",\"@id\":\"https:\\\/\\\/secure.gravatar.com\\\/avatar\\\/7bc5d99950c5051e982ac0ce5695ba351fdea8320d86b1f40640c324699de114?s=96&d=mm&r=g\",\"url\":\"https:\\\/\\\/secure.gravatar.com\\\/avatar\\\/7bc5d99950c5051e982ac0ce5695ba351fdea8320d86b1f40640c324699de114?s=96&d=mm&r=g\",\"contentUrl\":\"https:\\\/\\\/secure.gravatar.com\\\/avatar\\\/7bc5d99950c5051e982ac0ce5695ba351fdea8320d86b1f40640c324699de114?s=96&d=mm&r=g\",\"caption\":\"Comm_Marolles\"}}]}<\/script>\n<!-- \/ Yoast SEO plugin. -->","yoast_head_json":{"title":"Rejoignez le label Good Food Resto avant le 9 septembre 2021! - Marolles","robots":{"index":"index","follow":"follow","max-snippet":"max-snippet:-1","max-image-preview":"max-image-preview:large","max-video-preview":"max-video-preview:-1"},"canonical":"https:\/\/marolles.brussels\/en\/rejoignez-le-label-good-food-resto-avant-le-9-septembre-2021\/","og_locale":"en_US","og_type":"article","og_title":"Rejoignez le label Good Food Resto avant le 9 septembre 2021! - Marolles","og_description":"Le Label\u00a0Good Food Resto\u00a0a pour objectif de soutenir et guider les restaurants qui s\u2019impliquent ou souhaitent s&#8217;impliquer dans\u00a0une d\u00e9marche durable. Il r\u00e9pond \u00e0 une demande des Bruxellois qui souhaitent distinguer [&hellip;]","og_url":"https:\/\/marolles.brussels\/en\/rejoignez-le-label-good-food-resto-avant-le-9-septembre-2021\/","og_site_name":"Marolles","article_published_time":"2021-08-17T15:38:57+00:00","og_image":[{"width":768,"height":405,"url":"https:\/\/marolles.brussels\/wp-content\/uploads\/2021\/08\/good_food_logo_0.png","type":"image\/png"}],"author":"Comm_Marolles","twitter_card":"summary_large_image","schema":{"@context":"https:\/\/schema.org","@graph":[{"@type":"Article","@id":"https:\/\/marolles.brussels\/en\/rejoignez-le-label-good-food-resto-avant-le-9-septembre-2021\/#article","isPartOf":{"@id":"https:\/\/marolles.brussels\/en\/rejoignez-le-label-good-food-resto-avant-le-9-septembre-2021\/"},"author":{"name":"Comm_Marolles","@id":"https:\/\/marolles.brussels\/en\/#\/schema\/person\/9081ef0335393afa96ded2d689f118e8"},"headline":"Rejoignez le label Good Food Resto avant le 9 septembre 2021!","datePublished":"2021-08-17T15:38:57+00:00","mainEntityOfPage":{"@id":"https:\/\/marolles.brussels\/en\/rejoignez-le-label-good-food-resto-avant-le-9-septembre-2021\/"},"wordCount":368,"image":{"@id":"https:\/\/marolles.brussels\/en\/rejoignez-le-label-good-food-resto-avant-le-9-septembre-2021\/#primaryimage"},"thumbnailUrl":"https:\/\/marolles.brussels\/wp-content\/uploads\/2021\/08\/good_food_logo_0.png","articleSection":["Shop"],"inLanguage":"en-US"},{"@type":"WebPage","@id":"https:\/\/marolles.brussels\/en\/rejoignez-le-label-good-food-resto-avant-le-9-septembre-2021\/","url":"https:\/\/marolles.brussels\/en\/rejoignez-le-label-good-food-resto-avant-le-9-septembre-2021\/","name":"Rejoignez le label Good Food Resto avant le 9 septembre 2021! - Marolles","isPartOf":{"@id":"https:\/\/marolles.brussels\/en\/#website"},"primaryImageOfPage":{"@id":"https:\/\/marolles.brussels\/en\/rejoignez-le-label-good-food-resto-avant-le-9-septembre-2021\/#primaryimage"},"image":{"@id":"https:\/\/marolles.brussels\/en\/rejoignez-le-label-good-food-resto-avant-le-9-septembre-2021\/#primaryimage"},"thumbnailUrl":"https:\/\/marolles.brussels\/wp-content\/uploads\/2021\/08\/good_food_logo_0.png","datePublished":"2021-08-17T15:38:57+00:00","author":{"@id":"https:\/\/marolles.brussels\/en\/#\/schema\/person\/9081ef0335393afa96ded2d689f118e8"},"breadcrumb":{"@id":"https:\/\/marolles.brussels\/en\/rejoignez-le-label-good-food-resto-avant-le-9-septembre-2021\/#breadcrumb"},"inLanguage":"en-US","potentialAction":[{"@type":"ReadAction","target":["https:\/\/marolles.brussels\/en\/rejoignez-le-label-good-food-resto-avant-le-9-septembre-2021\/"]}]},{"@type":"ImageObject","inLanguage":"en-US","@id":"https:\/\/marolles.brussels\/en\/rejoignez-le-label-good-food-resto-avant-le-9-septembre-2021\/#primaryimage","url":"https:\/\/marolles.brussels\/wp-content\/uploads\/2021\/08\/good_food_logo_0.png","contentUrl":"https:\/\/marolles.brussels\/wp-content\/uploads\/2021\/08\/good_food_logo_0.png","width":768,"height":405},{"@type":"BreadcrumbList","@id":"https:\/\/marolles.brussels\/en\/rejoignez-le-label-good-food-resto-avant-le-9-septembre-2021\/#breadcrumb","itemListElement":[{"@type":"ListItem","position":1,"name":"Accueil","item":"https:\/\/marolles.brussels\/en\/"},{"@type":"ListItem","position":2,"name":"Rejoignez le label Good Food Resto avant le 9 septembre 2021!"}]},{"@type":"WebSite","@id":"https:\/\/marolles.brussels\/en\/#website","url":"https:\/\/marolles.brussels\/en\/","name":"Marolles","description":"D\u00e9couvrez les meilleurs endroits pour manger, boire un verre entre amis ou faire vos achats pr\u00e8s de chez vous.","potentialAction":[{"@type":"SearchAction","target":{"@type":"EntryPoint","urlTemplate":"https:\/\/marolles.brussels\/en\/?s={search_term_string}"},"query-input":{"@type":"PropertyValueSpecification","valueRequired":true,"valueName":"search_term_string"}}],"inLanguage":"en-US"},{"@type":"Person","@id":"https:\/\/marolles.brussels\/en\/#\/schema\/person\/9081ef0335393afa96ded2d689f118e8","name":"Comm_Marolles","image":{"@type":"ImageObject","inLanguage":"en-US","@id":"https:\/\/secure.gravatar.com\/avatar\/7bc5d99950c5051e982ac0ce5695ba351fdea8320d86b1f40640c324699de114?s=96&d=mm&r=g","url":"https:\/\/secure.gravatar.com\/avatar\/7bc5d99950c5051e982ac0ce5695ba351fdea8320d86b1f40640c324699de114?s=96&d=mm&r=g","contentUrl":"https:\/\/secure.gravatar.com\/avatar\/7bc5d99950c5051e982ac0ce5695ba351fdea8320d86b1f40640c324699de114?s=96&d=mm&r=g","caption":"Comm_Marolles"}}]}},"_links":{"self":[{"href":"https:\/\/marolles.brussels\/en\/wp-json\/wp\/v2\/posts\/30217","targetHints":{"allow":["GET"]}}],"collection":[{"href":"https:\/\/marolles.brussels\/en\/wp-json\/wp\/v2\/posts"}],"about":[{"href":"https:\/\/marolles.brussels\/en\/wp-json\/wp\/v2\/types\/post"}],"author":[{"embeddable":true,"href":"https:\/\/marolles.brussels\/en\/wp-json\/wp\/v2\/users\/164"}],"replies":[{"embeddable":true,"href":"https:\/\/marolles.brussels\/en\/wp-json\/wp\/v2\/comments?post=30217"}],"version-history":[{"count":0,"href":"https:\/\/marolles.brussels\/en\/wp-json\/wp\/v2\/posts\/30217\/revisions"}],"wp:featuredmedia":[{"embeddable":true,"href":"https:\/\/marolles.brussels\/en\/wp-json\/wp\/v2\/media\/30214"}],"wp:attachment":[{"href":"https:\/\/marolles.brussels\/en\/wp-json\/wp\/v2\/media?parent=30217"}],"wp:term":[{"taxonomy":"category","embeddable":true,"href":"https:\/\/marolles.brussels\/en\/wp-json\/wp\/v2\/categories?post=30217"},{"taxonomy":"post_tag","embeddable":true,"href":"https:\/\/marolles.brussels\/en\/wp-json\/wp\/v2\/tags?post=30217"}],"curies":[{"name":"wp","href":"https:\/\/api.w.org\/{rel}","templated":true}]}}