{"id":6202,"global_id":"marolles.brussels\/nl\/?id=6202","global_id_lineage":["marolles.brussels\/nl\/?id=6202"],"author":"20","status":"publish","date":"2018-03-23 10:48:02","date_utc":"2018-03-23 09:48:02","modified":"2018-03-23 10:48:02","modified_utc":"2018-03-23 09:48:02","url":"https:\/\/marolles.brussels\/nl\/event\/exposition-dans-les-marolles-2018-04-01\/","rest_url":"https:\/\/marolles.brussels\/nl\/wp-json\/tribe\/events\/v1\/events\/6202","title":"Exposition dans les Marolles","description":"<p>Cette \u00e9v\u00e9nement recense les diff\u00e9rentes exposition en cours dans les Marolles.<\/p>\n<p><a href=\"http:\/\/marolles.brussels\/event\/vernissage-l-esteban-moulin-unlimited\/?lang=nl\">Galerie Martine ehmer, du 23\/03 au 15\/04\u00a0<\/a><\/p>\n<p>MM Galery, du 23\/03 au 22\/04\u00a0http:\/\/marolles.brussels\/event\/vernissage-de-lexposition-collective-abstraction-trio-show\/<\/p>\n<p>MAGH, du 29\/03 au 12\/05\u00a0http:\/\/marolles.brussels\/event\/a-la-conquete-de-lespace-magh-de-jamila-si-mhammed\/<\/p>\n<p>&nbsp;<\/p>","excerpt":"","slug":"exposition-dans-les-marolles-2018-04-01","image":false,"all_day":false,"start_date":null,"start_date_details":{"year":"1970","month":"01","day":"01","hour":"00","minutes":"00","seconds":"00"},"end_date":null,"end_date_details":{"year":"1970","month":"01","day":"01","hour":"00","minutes":"00","seconds":"00"},"utc_start_date":null,"utc_start_date_details":{"year":"1970","month":"01","day":"01","hour":"00","minutes":"00","seconds":"00"},"utc_end_date":null,"utc_end_date_details":{"year":"1970","month":"01","day":"01","hour":"00","minutes":"00","seconds":"00"},"timezone":"","timezone_abbr":"","cost":"","cost_details":{"currency_symbol":"","currency_code":"","currency_position":"","values":[]},"website":"https:\/\/marolles.brussels\/nl\/event\/exposition-dans-les-marolles-2018-04-01\/","show_map":true,"show_map_link":true,"hide_from_listings":false,"sticky":false,"featured":false,"categories":[],"tags":[],"venue":[],"organizer":[],"custom_fields":[],"json_ld":{"@context":"http:\/\/schema.org","@type":"Event","name":"Exposition dans les Marolles","description":"&lt;p&gt;Cette \u00e9v\u00e9nement recense les diff\u00e9rentes exposition en cours dans les Marolles. Galerie Martine ehmer, du 23\/03 au 15\/04\u00a0 MM Galery, du 23\/03 au 22\/04\u00a0http:\/\/marolles.brussels\/event\/vernissage-de-lexposition-collective-abstraction-trio-show\/ MAGH, du 29\/03 au 12\/05\u00a0http:\/\/marolles.brussels\/event\/a-la-conquete-de-lespace-magh-de-jamila-si-mhammed\/ &nbsp;&lt;\/p&gt;\\n","url":"https:\/\/marolles.brussels\/nl\/event\/exposition-dans-les-marolles-2018-04-01\/","eventAttendanceMode":"https:\/\/schema.org\/OfflineEventAttendanceMode","eventStatus":"https:\/\/schema.org\/EventScheduled","startDate":"2026-04-29T09:12:49+02:00","endDate":"2026-04-29T09:12:49+02:00","performer":"Organization"}}