{"id":9134,"global_id":"marolles.brussels\/nl\/?id=9134","global_id_lineage":["marolles.brussels\/nl\/?id=9134"],"author":"20","status":"publish","date":"2018-03-30 10:32:34","date_utc":"2018-03-30 08:32:34","modified":"2018-03-30 10:32:34","modified_utc":"2018-03-30 08:32:34","url":"https:\/\/marolles.brussels\/nl\/event\/theatre-les-enfants-de-dom-juan-2018-04-27\/","rest_url":"https:\/\/marolles.brussels\/nl\/wp-json\/tribe\/events\/v1\/events\/9134","title":"TH\u00c9\u00c2TRE | LES ENFANTS DE DOM JUAN","description":"<table width=\"100%\">\n<tbody>\n<tr>\n<td><strong>TH\u00c9\u00c2TRE | LES ENFANTS DE DOM JUAN<\/strong><br \/>\n<strong>Me 25\/4 au Sa 5\/5 | 20h00 | Pr\u00e9vente\u00a0:\u00a010 \u20ac \/ 8 \u20ac\u00a0 &#8211;<br \/>\nSur place : 12 \u20ac\u00a0 \/ 10 \u20ac\u00a0<\/strong><strong>Repr\u00e9sentations scolaires et associatives gratuites et suivies d&#8217;un bord de sc\u00e8ne : Je 26\/4\u00a0| 14h00 &#8211; Ve 27\/4\u00a0| 10h00 &#8211; Me 2\/5\u00a0| 10h00 &amp; Ve 4\/5\u00a0| 14h00 &#8211; R\u00e9servation obligatoire<\/strong><\/td>\n<\/tr>\n<tr>\n<td><strong>&#8220;&#8230;la pi\u00e8ce, humoristique, tendre, rythm\u00e9e et volontiers subversive, pose, entre le haram et le halal, les questions qui f\u00e2chent, convainc de la n\u00e9cessit\u00e9 de la fraternit\u00e9 et atteint sa cible&#8230;&#8221;\u00a0Laurence BERTELS &#8211;\u00a0La Libre Belgique<\/strong><\/td>\n<\/tr>\n<\/tbody>\n<\/table>\n<p>Nordine est le concierge d\u2019un th\u00e9\u00e2tre situ\u00e9 dans les quartiers populaires de la ville. Apr\u00e8s les attentats qui ont meurtri la ville, il doit accueillir Pierre, un artiste nomade, qui a \u00e9t\u00e9 engag\u00e9 dans le cadre du projet \u201cR\u00e9apprenons \u00e0 vivre ensemble\u201d. Dans trois semaines, l\u2019artiste proposera un spectacle aux habitants du quartier, il contera l\u2019histoire de Dom Juan, l\u2019ath\u00e9e jet\u00e9 aux enfers\u2026<\/p>","excerpt":"","slug":"theatre-les-enfants-de-dom-juan-2018-04-27","image":{"url":"https:\/\/marolles.brussels\/wp-content\/uploads\/2018\/03\/18-03-30Magh.jpg","id":9115,"extension":"jpg","width":1026,"height":1500,"sizes":{"thumbnail":{"width":150,"height":150,"mime-type":"image\/jpeg","url":"https:\/\/marolles.brussels\/wp-content\/uploads\/2018\/03\/18-03-30Magh-150x150.jpg"},"medium":{"width":205,"height":300,"mime-type":"image\/jpeg","url":"https:\/\/marolles.brussels\/wp-content\/uploads\/2018\/03\/18-03-30Magh-205x300.jpg"},"medium_large":{"width":768,"height":1123,"mime-type":"image\/jpeg","url":"https:\/\/marolles.brussels\/wp-content\/uploads\/2018\/03\/18-03-30Magh-768x1123.jpg"},"alm-thumbnail":{"width":150,"height":150,"mime-type":"image\/jpeg","url":"https:\/\/marolles.brussels\/wp-content\/uploads\/2018\/03\/18-03-30Magh-150x150.jpg"},"listingpro-blog-grid":{"width":372,"height":240,"mime-type":"image\/jpeg","url":"https:\/\/marolles.brussels\/wp-content\/uploads\/2018\/03\/18-03-30Magh-372x240.jpg"},"listingpro-blog-grid2":{"width":372,"height":400,"mime-type":"image\/jpeg","url":"https:\/\/marolles.brussels\/wp-content\/uploads\/2018\/03\/18-03-30Magh-372x400.jpg"},"listingpro-blog-grid3":{"width":672,"height":430,"mime-type":"image\/jpeg","url":"https:\/\/marolles.brussels\/wp-content\/uploads\/2018\/03\/18-03-30Magh-672x430.jpg"},"listingpro-listing-grid":{"width":272,"height":231,"mime-type":"image\/jpeg","url":"https:\/\/marolles.brussels\/wp-content\/uploads\/2018\/03\/18-03-30Magh-272x231.jpg"},"listingpro-listing-gallery":{"width":580,"height":408,"mime-type":"image\/jpeg","url":"https:\/\/marolles.brussels\/wp-content\/uploads\/2018\/03\/18-03-30Magh-580x408.jpg"},"listingpro-list-thumb":{"width":287,"height":190,"mime-type":"image\/jpeg","url":"https:\/\/marolles.brussels\/wp-content\/uploads\/2018\/03\/18-03-30Magh-287x190.jpg"},"listingpro-author-thumb":{"width":63,"height":63,"mime-type":"image\/jpeg","url":"https:\/\/marolles.brussels\/wp-content\/uploads\/2018\/03\/18-03-30Magh-63x63.jpg"},"listingpro-gallery-thumb1":{"width":458,"height":425,"mime-type":"image\/jpeg","url":"https:\/\/marolles.brussels\/wp-content\/uploads\/2018\/03\/18-03-30Magh-458x425.jpg"},"listingpro-gallery-thumb2":{"width":360,"height":198,"mime-type":"image\/jpeg","url":"https:\/\/marolles.brussels\/wp-content\/uploads\/2018\/03\/18-03-30Magh-360x198.jpg"},"listingpro-gallery-thumb3":{"width":263,"height":198,"mime-type":"image\/jpeg","url":"https:\/\/marolles.brussels\/wp-content\/uploads\/2018\/03\/18-03-30Magh-263x198.jpg"},"listingpro-gallery-thumb4":{"width":653,"height":199,"mime-type":"image\/jpeg","url":"https:\/\/marolles.brussels\/wp-content\/uploads\/2018\/03\/18-03-30Magh-653x199.jpg"},"listingpro-detail_gallery":{"width":383,"height":454,"mime-type":"image\/jpeg","url":"https:\/\/marolles.brussels\/wp-content\/uploads\/2018\/03\/18-03-30Magh-383x454.jpg"},"listingpro-checkout-listing-thumb":{"width":220,"height":80,"mime-type":"image\/jpeg","url":"https:\/\/marolles.brussels\/wp-content\/uploads\/2018\/03\/18-03-30Magh-220x80.jpg"},"listingpro-review-gallery-thumb":{"width":184,"height":135,"mime-type":"image\/jpeg","url":"https:\/\/marolles.brussels\/wp-content\/uploads\/2018\/03\/18-03-30Magh-184x135.jpg"},"listingpro-thumb4":{"width":272,"height":300,"mime-type":"image\/jpeg","url":"https:\/\/marolles.brussels\/wp-content\/uploads\/2018\/03\/18-03-30Magh-272x300.jpg"},"listingpro_location270_400":{"width":270,"height":400,"mime-type":"image\/jpeg","url":"https:\/\/marolles.brussels\/wp-content\/uploads\/2018\/03\/18-03-30Magh-270x400.jpg"},"listingpro_location570_455":{"width":570,"height":455,"mime-type":"image\/jpeg","url":"https:\/\/marolles.brussels\/wp-content\/uploads\/2018\/03\/18-03-30Magh-570x455.jpg"},"listingpro_location570_228":{"width":570,"height":228,"mime-type":"image\/jpeg","url":"https:\/\/marolles.brussels\/wp-content\/uploads\/2018\/03\/18-03-30Magh-570x228.jpg"},"listingpro_location270_197":{"width":270,"height":197,"mime-type":"image\/jpeg","url":"https:\/\/marolles.brussels\/wp-content\/uploads\/2018\/03\/18-03-30Magh-270x197.jpg"},"listingpro_cats270_213":{"width":270,"height":213,"mime-type":"image\/jpeg","url":"https:\/\/marolles.brussels\/wp-content\/uploads\/2018\/03\/18-03-30Magh-270x213.jpg"},"menu-24x24":{"width":16,"height":24,"mime-type":"image\/jpeg","url":"https:\/\/marolles.brussels\/wp-content\/uploads\/2018\/03\/18-03-30Magh-16x24.jpg"},"menu-36x36":{"width":25,"height":36,"mime-type":"image\/jpeg","url":"https:\/\/marolles.brussels\/wp-content\/uploads\/2018\/03\/18-03-30Magh-25x36.jpg"},"menu-48x48":{"width":33,"height":48,"mime-type":"image\/jpeg","url":"https:\/\/marolles.brussels\/wp-content\/uploads\/2018\/03\/18-03-30Magh-33x48.jpg"}}},"all_day":false,"start_date":null,"start_date_details":{"year":"1970","month":"01","day":"01","hour":"00","minutes":"00","seconds":"00"},"end_date":null,"end_date_details":{"year":"1970","month":"01","day":"01","hour":"00","minutes":"00","seconds":"00"},"utc_start_date":null,"utc_start_date_details":{"year":"1970","month":"01","day":"01","hour":"00","minutes":"00","seconds":"00"},"utc_end_date":null,"utc_end_date_details":{"year":"1970","month":"01","day":"01","hour":"00","minutes":"00","seconds":"00"},"timezone":"","timezone_abbr":"","cost":"","cost_details":{"currency_symbol":"","currency_code":"","currency_position":"","values":[]},"website":"https:\/\/marolles.brussels\/nl\/event\/theatre-les-enfants-de-dom-juan-2018-04-27\/","show_map":true,"show_map_link":true,"hide_from_listings":false,"sticky":false,"featured":false,"categories":[],"tags":[],"venue":[],"organizer":[],"custom_fields":[],"json_ld":{"@context":"http:\/\/schema.org","@type":"Event","name":"TH\u00c9\u00c2TRE | LES ENFANTS DE DOM JUAN","description":"&lt;p&gt;TH\u00c9\u00c2TRE | LES ENFANTS DE DOM JUAN Me 25\/4 au Sa 5\/5 | 20h00 | Pr\u00e9vente\u00a0:\u00a010 \u20ac \/ 8 \u20ac\u00a0 - Sur place : 12 \u20ac\u00a0 \/ 10 \u20ac\u00a0Repr\u00e9sentations scolaires [&hellip;]&lt;\/p&gt;\\n","image":"https:\/\/marolles.brussels\/wp-content\/uploads\/2018\/03\/18-03-30Magh.jpg","url":"https:\/\/marolles.brussels\/nl\/event\/theatre-les-enfants-de-dom-juan-2018-04-27\/","eventAttendanceMode":"https:\/\/schema.org\/OfflineEventAttendanceMode","eventStatus":"https:\/\/schema.org\/EventScheduled","startDate":"2026-04-30T23:07:53+02:00","endDate":"2026-04-30T23:07:53+02:00","performer":"Organization"}}